{"id":20630,"date":"2026-04-27T13:36:06","date_gmt":"2026-04-27T11:36:06","guid":{"rendered":"https:\/\/szkola.garbow.pl\/?p=20630"},"modified":"2026-04-28T13:41:48","modified_gmt":"2026-04-28T11:41:48","slug":"polkolonie-z-edukido","status":"publish","type":"post","link":"https:\/\/szkola.garbow.pl\/index.php\/2026\/04\/27\/polkolonie-z-edukido\/","title":{"rendered":"P\u00d3\u0141KOLONIE Z EDUKIDO"},"content":{"rendered":"\n<figure class=\"wp-block-image size-large\"><img fetchpriority=\"high\" decoding=\"async\" width=\"1024\" height=\"732\" src=\"https:\/\/szkola.garbow.pl\/wp-content\/uploads\/2026\/04\/zaproszenie-1024x732.png\" alt=\"\" class=\"wp-image-20633\" srcset=\"https:\/\/szkola.garbow.pl\/wp-content\/uploads\/2026\/04\/zaproszenie-1024x732.png 1024w, https:\/\/szkola.garbow.pl\/wp-content\/uploads\/2026\/04\/zaproszenie-300x215.png 300w, https:\/\/szkola.garbow.pl\/wp-content\/uploads\/2026\/04\/zaproszenie-scaled.png 500w\" sizes=\"(max-width: 1024px) 100vw, 1024px\" \/><\/figure>\n\n\n\n<p>Drodzy Rodzice, w czasie zbli\u017caj\u0105cych si\u0119 wakacji serdecznie zapraszamy na P\u00d3\u0141KOLONIE EDUKIDO, kt\u00f3re organizowane s\u0105 w Lublinie, dla dzieci w wieku 5-11 lat&nbsp;\ud83c\udf1e\ud83d\ude0a<\/p>\n\n\n\n<p>\ud83d\udc49&nbsp;TERMINY i MIEJSCA&nbsp;\ud83d\uddd2<\/p>\n\n\n\n<p>\ud83d\uddd3\ufe0f&nbsp;Pierwsze 8 tygodni wakacji<\/p>\n\n\n\n<p>\ud83c\udfeb Czech\u00f3w, Czuby\/W\u0119glin, Wrotk\u00f3w, Felin\/Bronowice<\/p>\n\n\n\n<p>&nbsp;\ud83d\udc49&nbsp;W PROGRAMIE m.in.:<\/p>\n\n\n\n<p>\u2013 codziennie warsztaty edukacyjne z klockami LEGO<\/p>\n\n\n\n<p>\u2013 zaj\u0119cia z robotyki&nbsp;\ud83e\udd16<\/p>\n\n\n\n<p>\ud83d\udc49&nbsp;Codziennie minimum jedna dodatkowa atrakcja:<\/p>\n\n\n\n<p>\u2714&nbsp;Kr\u0119gle&nbsp;duckpin<\/p>\n\n\n\n<p>\u2714&nbsp;Wycieczka do muzeum regionalnego PRZYSTANEK&nbsp;LUBLIN, gry i zabawy na zewn\u0105trz<\/p>\n\n\n\n<p>\u2714&nbsp;Eksperymenty i warsztaty manualne<\/p>\n\n\n\n<p>\u2714&nbsp;Kino, FunFloor \u2013 interaktywna pod\u0142oga<\/p>\n\n\n\n<p>\u2714&nbsp;Warsztaty z Minecraft, plansz\u00f3wki<\/p>\n\n\n\n<p>\ud83d\udc49&nbsp;CENA PORMOCYJNA DO 30.05.2026 TO 900 z\u0142 osoba\/turnus (standardowa cena to 970 z\u0142)<\/p>\n\n\n\n<p>\ud83d\udc49&nbsp;Szczeg\u00f3\u0142owe informacje:&nbsp;<a target=\"_blank\" href=\"https:\/\/edukido.com.pl\/oddzial\/lublin\/\" rel=\"noreferrer noopener\">https:\/\/edukido.com.pl\/oddzial\/lublin\/<\/a><\/p>\n\n\n\n<p>\ud83d\udc49&nbsp;ZAPISY:<\/p>\n\n\n\n<p>\ud83d\udcbb&nbsp;lublin@edukido.com.pl<\/p>\n\n\n\n<p>\ud83d\udcf1&nbsp;724 688 014<\/p>\n\n\n\n<p>\ud83d\udce9<a href=\"https:\/\/zapisy-edukidolublin.pl\/polkolonie-lublin\/\" target=\"_blank\" rel=\"noreferrer noopener\">https:\/\/zapisy-edukidolublin.pl\/polkolonie-lublin\/<\/a><br>Pozdrawiam,<\/p>\n\n\n\n<p>Dawid Skowronek<\/p>\n\n\n\n<p>___________________________________<\/p>\n\n\n\n<p>Edukido Lublin<\/p>\n\n\n\n<p>ul. Zwi\u0105zkowa 4, 20-148 Lublin<\/p>\n\n\n\n<p>tel. 723 751 503<\/p>\n\n\n\n<p>e-mail:&nbsp;lublin@edukido.com.pl<\/p>\n\n\n\n<p>Facebook: www.facebook.com\/edukidolublin (<a target=\"_blank\" href=\"http:\/\/www.facebook.com\/edukidolublin)\" rel=\"noreferrer noopener\">http:\/\/www.facebook.com\/edukidolublin)<\/a><\/p>\n\n\n\n<p>www:&nbsp;edukido.com.pl (<a target=\"_blank\" href=\"http:\/\/edukido.com.pl\/)\" rel=\"noreferrer noopener\">http:\/\/edukido.com.pl\/)<\/a><\/p>\n\n\n\n<p><\/p>\n","protected":false},"excerpt":{"rendered":"<p>Drodzy Rodzice, w czasie zbli\u017caj\u0105cych si\u0119 wakacji serdecznie zapraszamy na P\u00d3\u0141KOLONIE EDUKIDO, kt\u00f3re organizowane s\u0105 w Lublinie, dla dzieci w wieku 5-11 lat&nbsp;\ud83c\udf1e\ud83d\ude0a \ud83d\udc49&nbsp;TERMINY i MIEJSCA&nbsp;\ud83d\uddd2 \ud83d\uddd3\ufe0f&nbsp;Pierwsze 8 tygodni wakacji \ud83c\udfeb Czech\u00f3w, Czuby\/W\u0119glin, Wrotk\u00f3w, Felin\/Bronowice &nbsp;\ud83d\udc49&nbsp;W PROGRAMIE m.in.: \u2013 codziennie warsztaty edukacyjne z klockami LEGO \u2013 zaj\u0119cia z robotyki&nbsp;\ud83e\udd16 \ud83d\udc49&nbsp;Codziennie &hellip;<\/p>\n","protected":false},"author":8,"featured_media":20633,"comment_status":"closed","ping_status":"closed","sticky":false,"template":"","format":"standard","meta":{"footnotes":""},"categories":[179,199,5],"tags":[],"class_list":["post-20630","post","type-post","status-publish","format-standard","has-post-thumbnail","hentry","category-179","category-199","category-aktualnosci"],"yoast_head":"<!-- This site is optimized with the Yoast SEO plugin v27.4 - https:\/\/yoast.com\/product\/yoast-seo-wordpress\/ -->\n<title>P\u00d3\u0141KOLONIE Z EDUKIDO - Szko\u0142a Podstawowa im. Marii Konopnickiej w Garbowie<\/title>\n<meta name=\"robots\" content=\"index, follow, max-snippet:-1, max-image-preview:large, max-video-preview:-1\" \/>\n<link rel=\"canonical\" href=\"https:\/\/szkola.garbow.pl\/index.php\/2026\/04\/27\/polkolonie-z-edukido\/\" \/>\n<meta property=\"og:locale\" content=\"pl_PL\" \/>\n<meta property=\"og:type\" content=\"article\" \/>\n<meta property=\"og:title\" content=\"P\u00d3\u0141KOLONIE Z EDUKIDO - Szko\u0142a Podstawowa im. Marii Konopnickiej w Garbowie\" \/>\n<meta property=\"og:description\" content=\"Drodzy Rodzice, w czasie zbli\u017caj\u0105cych si\u0119 wakacji serdecznie zapraszamy na P\u00d3\u0141KOLONIE EDUKIDO, kt\u00f3re organizowane s\u0105 w Lublinie, dla dzieci w wieku 5-11 lat&nbsp;\ud83c\udf1e\ud83d\ude0a \ud83d\udc49&nbsp;TERMINY i MIEJSCA&nbsp;\ud83d\uddd2 \ud83d\uddd3\ufe0f&nbsp;Pierwsze 8 tygodni wakacji \ud83c\udfeb Czech\u00f3w, Czuby\/W\u0119glin, Wrotk\u00f3w, Felin\/Bronowice &nbsp;\ud83d\udc49&nbsp;W PROGRAMIE m.in.: \u2013 codziennie warsztaty edukacyjne z klockami LEGO \u2013 zaj\u0119cia z robotyki&nbsp;\ud83e\udd16 \ud83d\udc49&nbsp;Codziennie &hellip;\" \/>\n<meta property=\"og:url\" content=\"https:\/\/szkola.garbow.pl\/index.php\/2026\/04\/27\/polkolonie-z-edukido\/\" \/>\n<meta property=\"og:site_name\" content=\"Szko\u0142a Podstawowa im. Marii Konopnickiej w Garbowie\" \/>\n<meta property=\"article:published_time\" content=\"2026-04-27T11:36:06+00:00\" \/>\n<meta property=\"article:modified_time\" content=\"2026-04-28T11:41:48+00:00\" \/>\n<meta property=\"og:image\" content=\"https:\/\/szkola.garbow.pl\/wp-content\/uploads\/2026\/04\/zaproszenie-scaled.png\" \/>\n\t<meta property=\"og:image:width\" content=\"500\" \/>\n\t<meta property=\"og:image:height\" content=\"358\" \/>\n\t<meta property=\"og:image:type\" content=\"image\/png\" \/>\n<meta name=\"author\" content=\"Agnieszka Pikul\" \/>\n<meta name=\"twitter:card\" content=\"summary_large_image\" \/>\n<meta name=\"twitter:label1\" content=\"Napisane przez\" \/>\n\t<meta name=\"twitter:data1\" content=\"Agnieszka Pikul\" \/>\n\t<meta name=\"twitter:label2\" content=\"Szacowany czas czytania\" \/>\n\t<meta name=\"twitter:data2\" content=\"2 minuty\" \/>\n<script type=\"application\/ld+json\" class=\"yoast-schema-graph\">{\"@context\":\"https:\\\/\\\/schema.org\",\"@graph\":[{\"@type\":\"Article\",\"@id\":\"https:\\\/\\\/szkola.garbow.pl\\\/index.php\\\/2026\\\/04\\\/27\\\/polkolonie-z-edukido\\\/#article\",\"isPartOf\":{\"@id\":\"https:\\\/\\\/szkola.garbow.pl\\\/index.php\\\/2026\\\/04\\\/27\\\/polkolonie-z-edukido\\\/\"},\"author\":{\"name\":\"Agnieszka Pikul\",\"@id\":\"https:\\\/\\\/szkola.garbow.pl\\\/#\\\/schema\\\/person\\\/a7697fc33f20da8b7cb0c160c1e77067\"},\"headline\":\"P\u00d3\u0141KOLONIE Z EDUKIDO\",\"datePublished\":\"2026-04-27T11:36:06+00:00\",\"dateModified\":\"2026-04-28T11:41:48+00:00\",\"mainEntityOfPage\":{\"@id\":\"https:\\\/\\\/szkola.garbow.pl\\\/index.php\\\/2026\\\/04\\\/27\\\/polkolonie-z-edukido\\\/\"},\"wordCount\":180,\"publisher\":{\"@id\":\"https:\\\/\\\/szkola.garbow.pl\\\/#organization\"},\"image\":{\"@id\":\"https:\\\/\\\/szkola.garbow.pl\\\/index.php\\\/2026\\\/04\\\/27\\\/polkolonie-z-edukido\\\/#primaryimage\"},\"thumbnailUrl\":\"https:\\\/\\\/szkola.garbow.pl\\\/wp-content\\\/uploads\\\/2026\\\/04\\\/zaproszenie-scaled.png\",\"articleSection\":[\"2025\",\"2026\",\"Aktualno\u015bci\"],\"inLanguage\":\"pl-PL\"},{\"@type\":\"WebPage\",\"@id\":\"https:\\\/\\\/szkola.garbow.pl\\\/index.php\\\/2026\\\/04\\\/27\\\/polkolonie-z-edukido\\\/\",\"url\":\"https:\\\/\\\/szkola.garbow.pl\\\/index.php\\\/2026\\\/04\\\/27\\\/polkolonie-z-edukido\\\/\",\"name\":\"P\u00d3\u0141KOLONIE Z EDUKIDO - Szko\u0142a Podstawowa im. Marii Konopnickiej w Garbowie\",\"isPartOf\":{\"@id\":\"https:\\\/\\\/szkola.garbow.pl\\\/#website\"},\"primaryImageOfPage\":{\"@id\":\"https:\\\/\\\/szkola.garbow.pl\\\/index.php\\\/2026\\\/04\\\/27\\\/polkolonie-z-edukido\\\/#primaryimage\"},\"image\":{\"@id\":\"https:\\\/\\\/szkola.garbow.pl\\\/index.php\\\/2026\\\/04\\\/27\\\/polkolonie-z-edukido\\\/#primaryimage\"},\"thumbnailUrl\":\"https:\\\/\\\/szkola.garbow.pl\\\/wp-content\\\/uploads\\\/2026\\\/04\\\/zaproszenie-scaled.png\",\"datePublished\":\"2026-04-27T11:36:06+00:00\",\"dateModified\":\"2026-04-28T11:41:48+00:00\",\"breadcrumb\":{\"@id\":\"https:\\\/\\\/szkola.garbow.pl\\\/index.php\\\/2026\\\/04\\\/27\\\/polkolonie-z-edukido\\\/#breadcrumb\"},\"inLanguage\":\"pl-PL\",\"potentialAction\":[{\"@type\":\"ReadAction\",\"target\":[\"https:\\\/\\\/szkola.garbow.pl\\\/index.php\\\/2026\\\/04\\\/27\\\/polkolonie-z-edukido\\\/\"]}]},{\"@type\":\"ImageObject\",\"inLanguage\":\"pl-PL\",\"@id\":\"https:\\\/\\\/szkola.garbow.pl\\\/index.php\\\/2026\\\/04\\\/27\\\/polkolonie-z-edukido\\\/#primaryimage\",\"url\":\"https:\\\/\\\/szkola.garbow.pl\\\/wp-content\\\/uploads\\\/2026\\\/04\\\/zaproszenie-scaled.png\",\"contentUrl\":\"https:\\\/\\\/szkola.garbow.pl\\\/wp-content\\\/uploads\\\/2026\\\/04\\\/zaproszenie-scaled.png\",\"width\":500,\"height\":358},{\"@type\":\"BreadcrumbList\",\"@id\":\"https:\\\/\\\/szkola.garbow.pl\\\/index.php\\\/2026\\\/04\\\/27\\\/polkolonie-z-edukido\\\/#breadcrumb\",\"itemListElement\":[{\"@type\":\"ListItem\",\"position\":1,\"name\":\"Strona g\u0142\u00f3wna\",\"item\":\"https:\\\/\\\/szkola.garbow.pl\\\/\"},{\"@type\":\"ListItem\",\"position\":2,\"name\":\"P\u00d3\u0141KOLONIE Z EDUKIDO\"}]},{\"@type\":\"WebSite\",\"@id\":\"https:\\\/\\\/szkola.garbow.pl\\\/#website\",\"url\":\"https:\\\/\\\/szkola.garbow.pl\\\/\",\"name\":\"Szko\u0142a Podstawowa im. Marii Konopnickiej w Garbowie\",\"description\":\"Szko\u0142a Podstawowa im. Marii Konopnickiej w Garbowie\",\"publisher\":{\"@id\":\"https:\\\/\\\/szkola.garbow.pl\\\/#organization\"},\"potentialAction\":[{\"@type\":\"SearchAction\",\"target\":{\"@type\":\"EntryPoint\",\"urlTemplate\":\"https:\\\/\\\/szkola.garbow.pl\\\/?s={search_term_string}\"},\"query-input\":{\"@type\":\"PropertyValueSpecification\",\"valueRequired\":true,\"valueName\":\"search_term_string\"}}],\"inLanguage\":\"pl-PL\"},{\"@type\":\"Organization\",\"@id\":\"https:\\\/\\\/szkola.garbow.pl\\\/#organization\",\"name\":\"Szko\u0142a Podstawowa im. Marii Konopnickiej w Garbowie\",\"url\":\"https:\\\/\\\/szkola.garbow.pl\\\/\",\"logo\":{\"@type\":\"ImageObject\",\"inLanguage\":\"pl-PL\",\"@id\":\"https:\\\/\\\/szkola.garbow.pl\\\/#\\\/schema\\\/logo\\\/image\\\/\",\"url\":\"https:\\\/\\\/szkola.garbow.pl\\\/wp-content\\\/uploads\\\/2020\\\/09\\\/szkola_podstawowa_garbow-1-1.png\",\"contentUrl\":\"https:\\\/\\\/szkola.garbow.pl\\\/wp-content\\\/uploads\\\/2020\\\/09\\\/szkola_podstawowa_garbow-1-1.png\",\"width\":500,\"height\":136,\"caption\":\"Szko\u0142a Podstawowa im. Marii Konopnickiej w Garbowie\"},\"image\":{\"@id\":\"https:\\\/\\\/szkola.garbow.pl\\\/#\\\/schema\\\/logo\\\/image\\\/\"}},{\"@type\":\"Person\",\"@id\":\"https:\\\/\\\/szkola.garbow.pl\\\/#\\\/schema\\\/person\\\/a7697fc33f20da8b7cb0c160c1e77067\",\"name\":\"Agnieszka Pikul\",\"image\":{\"@type\":\"ImageObject\",\"inLanguage\":\"pl-PL\",\"@id\":\"https:\\\/\\\/secure.gravatar.com\\\/avatar\\\/8e958d09a5aca92653d2f30c4975ce80866209daab527bd9ba3974d5d9a8e50f?s=96&d=mm&r=g\",\"url\":\"https:\\\/\\\/secure.gravatar.com\\\/avatar\\\/8e958d09a5aca92653d2f30c4975ce80866209daab527bd9ba3974d5d9a8e50f?s=96&d=mm&r=g\",\"contentUrl\":\"https:\\\/\\\/secure.gravatar.com\\\/avatar\\\/8e958d09a5aca92653d2f30c4975ce80866209daab527bd9ba3974d5d9a8e50f?s=96&d=mm&r=g\",\"caption\":\"Agnieszka Pikul\"},\"url\":\"https:\\\/\\\/szkola.garbow.pl\\\/index.php\\\/author\\\/agnieszka_pikul\\\/\"}]}<\/script>\n<!-- \/ Yoast SEO plugin. -->","yoast_head_json":{"title":"P\u00d3\u0141KOLONIE Z EDUKIDO - Szko\u0142a Podstawowa im. Marii Konopnickiej w Garbowie","robots":{"index":"index","follow":"follow","max-snippet":"max-snippet:-1","max-image-preview":"max-image-preview:large","max-video-preview":"max-video-preview:-1"},"canonical":"https:\/\/szkola.garbow.pl\/index.php\/2026\/04\/27\/polkolonie-z-edukido\/","og_locale":"pl_PL","og_type":"article","og_title":"P\u00d3\u0141KOLONIE Z EDUKIDO - Szko\u0142a Podstawowa im. Marii Konopnickiej w Garbowie","og_description":"Drodzy Rodzice, w czasie zbli\u017caj\u0105cych si\u0119 wakacji serdecznie zapraszamy na P\u00d3\u0141KOLONIE EDUKIDO, kt\u00f3re organizowane s\u0105 w Lublinie, dla dzieci w wieku 5-11 lat&nbsp;\ud83c\udf1e\ud83d\ude0a \ud83d\udc49&nbsp;TERMINY i MIEJSCA&nbsp;\ud83d\uddd2 \ud83d\uddd3\ufe0f&nbsp;Pierwsze 8 tygodni wakacji \ud83c\udfeb Czech\u00f3w, Czuby\/W\u0119glin, Wrotk\u00f3w, Felin\/Bronowice &nbsp;\ud83d\udc49&nbsp;W PROGRAMIE m.in.: \u2013 codziennie warsztaty edukacyjne z klockami LEGO \u2013 zaj\u0119cia z robotyki&nbsp;\ud83e\udd16 \ud83d\udc49&nbsp;Codziennie &hellip;","og_url":"https:\/\/szkola.garbow.pl\/index.php\/2026\/04\/27\/polkolonie-z-edukido\/","og_site_name":"Szko\u0142a Podstawowa im. Marii Konopnickiej w Garbowie","article_published_time":"2026-04-27T11:36:06+00:00","article_modified_time":"2026-04-28T11:41:48+00:00","og_image":[{"width":500,"height":358,"url":"https:\/\/szkola.garbow.pl\/wp-content\/uploads\/2026\/04\/zaproszenie-scaled.png","type":"image\/png"}],"author":"Agnieszka Pikul","twitter_card":"summary_large_image","twitter_misc":{"Napisane przez":"Agnieszka Pikul","Szacowany czas czytania":"2 minuty"},"schema":{"@context":"https:\/\/schema.org","@graph":[{"@type":"Article","@id":"https:\/\/szkola.garbow.pl\/index.php\/2026\/04\/27\/polkolonie-z-edukido\/#article","isPartOf":{"@id":"https:\/\/szkola.garbow.pl\/index.php\/2026\/04\/27\/polkolonie-z-edukido\/"},"author":{"name":"Agnieszka Pikul","@id":"https:\/\/szkola.garbow.pl\/#\/schema\/person\/a7697fc33f20da8b7cb0c160c1e77067"},"headline":"P\u00d3\u0141KOLONIE Z EDUKIDO","datePublished":"2026-04-27T11:36:06+00:00","dateModified":"2026-04-28T11:41:48+00:00","mainEntityOfPage":{"@id":"https:\/\/szkola.garbow.pl\/index.php\/2026\/04\/27\/polkolonie-z-edukido\/"},"wordCount":180,"publisher":{"@id":"https:\/\/szkola.garbow.pl\/#organization"},"image":{"@id":"https:\/\/szkola.garbow.pl\/index.php\/2026\/04\/27\/polkolonie-z-edukido\/#primaryimage"},"thumbnailUrl":"https:\/\/szkola.garbow.pl\/wp-content\/uploads\/2026\/04\/zaproszenie-scaled.png","articleSection":["2025","2026","Aktualno\u015bci"],"inLanguage":"pl-PL"},{"@type":"WebPage","@id":"https:\/\/szkola.garbow.pl\/index.php\/2026\/04\/27\/polkolonie-z-edukido\/","url":"https:\/\/szkola.garbow.pl\/index.php\/2026\/04\/27\/polkolonie-z-edukido\/","name":"P\u00d3\u0141KOLONIE Z EDUKIDO - Szko\u0142a Podstawowa im. Marii Konopnickiej w Garbowie","isPartOf":{"@id":"https:\/\/szkola.garbow.pl\/#website"},"primaryImageOfPage":{"@id":"https:\/\/szkola.garbow.pl\/index.php\/2026\/04\/27\/polkolonie-z-edukido\/#primaryimage"},"image":{"@id":"https:\/\/szkola.garbow.pl\/index.php\/2026\/04\/27\/polkolonie-z-edukido\/#primaryimage"},"thumbnailUrl":"https:\/\/szkola.garbow.pl\/wp-content\/uploads\/2026\/04\/zaproszenie-scaled.png","datePublished":"2026-04-27T11:36:06+00:00","dateModified":"2026-04-28T11:41:48+00:00","breadcrumb":{"@id":"https:\/\/szkola.garbow.pl\/index.php\/2026\/04\/27\/polkolonie-z-edukido\/#breadcrumb"},"inLanguage":"pl-PL","potentialAction":[{"@type":"ReadAction","target":["https:\/\/szkola.garbow.pl\/index.php\/2026\/04\/27\/polkolonie-z-edukido\/"]}]},{"@type":"ImageObject","inLanguage":"pl-PL","@id":"https:\/\/szkola.garbow.pl\/index.php\/2026\/04\/27\/polkolonie-z-edukido\/#primaryimage","url":"https:\/\/szkola.garbow.pl\/wp-content\/uploads\/2026\/04\/zaproszenie-scaled.png","contentUrl":"https:\/\/szkola.garbow.pl\/wp-content\/uploads\/2026\/04\/zaproszenie-scaled.png","width":500,"height":358},{"@type":"BreadcrumbList","@id":"https:\/\/szkola.garbow.pl\/index.php\/2026\/04\/27\/polkolonie-z-edukido\/#breadcrumb","itemListElement":[{"@type":"ListItem","position":1,"name":"Strona g\u0142\u00f3wna","item":"https:\/\/szkola.garbow.pl\/"},{"@type":"ListItem","position":2,"name":"P\u00d3\u0141KOLONIE Z EDUKIDO"}]},{"@type":"WebSite","@id":"https:\/\/szkola.garbow.pl\/#website","url":"https:\/\/szkola.garbow.pl\/","name":"Szko\u0142a Podstawowa im. Marii Konopnickiej w Garbowie","description":"Szko\u0142a Podstawowa im. Marii Konopnickiej w Garbowie","publisher":{"@id":"https:\/\/szkola.garbow.pl\/#organization"},"potentialAction":[{"@type":"SearchAction","target":{"@type":"EntryPoint","urlTemplate":"https:\/\/szkola.garbow.pl\/?s={search_term_string}"},"query-input":{"@type":"PropertyValueSpecification","valueRequired":true,"valueName":"search_term_string"}}],"inLanguage":"pl-PL"},{"@type":"Organization","@id":"https:\/\/szkola.garbow.pl\/#organization","name":"Szko\u0142a Podstawowa im. Marii Konopnickiej w Garbowie","url":"https:\/\/szkola.garbow.pl\/","logo":{"@type":"ImageObject","inLanguage":"pl-PL","@id":"https:\/\/szkola.garbow.pl\/#\/schema\/logo\/image\/","url":"https:\/\/szkola.garbow.pl\/wp-content\/uploads\/2020\/09\/szkola_podstawowa_garbow-1-1.png","contentUrl":"https:\/\/szkola.garbow.pl\/wp-content\/uploads\/2020\/09\/szkola_podstawowa_garbow-1-1.png","width":500,"height":136,"caption":"Szko\u0142a Podstawowa im. Marii Konopnickiej w Garbowie"},"image":{"@id":"https:\/\/szkola.garbow.pl\/#\/schema\/logo\/image\/"}},{"@type":"Person","@id":"https:\/\/szkola.garbow.pl\/#\/schema\/person\/a7697fc33f20da8b7cb0c160c1e77067","name":"Agnieszka Pikul","image":{"@type":"ImageObject","inLanguage":"pl-PL","@id":"https:\/\/secure.gravatar.com\/avatar\/8e958d09a5aca92653d2f30c4975ce80866209daab527bd9ba3974d5d9a8e50f?s=96&d=mm&r=g","url":"https:\/\/secure.gravatar.com\/avatar\/8e958d09a5aca92653d2f30c4975ce80866209daab527bd9ba3974d5d9a8e50f?s=96&d=mm&r=g","contentUrl":"https:\/\/secure.gravatar.com\/avatar\/8e958d09a5aca92653d2f30c4975ce80866209daab527bd9ba3974d5d9a8e50f?s=96&d=mm&r=g","caption":"Agnieszka Pikul"},"url":"https:\/\/szkola.garbow.pl\/index.php\/author\/agnieszka_pikul\/"}]}},"_links":{"self":[{"href":"https:\/\/szkola.garbow.pl\/index.php\/wp-json\/wp\/v2\/posts\/20630","targetHints":{"allow":["GET"]}}],"collection":[{"href":"https:\/\/szkola.garbow.pl\/index.php\/wp-json\/wp\/v2\/posts"}],"about":[{"href":"https:\/\/szkola.garbow.pl\/index.php\/wp-json\/wp\/v2\/types\/post"}],"author":[{"embeddable":true,"href":"https:\/\/szkola.garbow.pl\/index.php\/wp-json\/wp\/v2\/users\/8"}],"replies":[{"embeddable":true,"href":"https:\/\/szkola.garbow.pl\/index.php\/wp-json\/wp\/v2\/comments?post=20630"}],"version-history":[{"count":3,"href":"https:\/\/szkola.garbow.pl\/index.php\/wp-json\/wp\/v2\/posts\/20630\/revisions"}],"predecessor-version":[{"id":20635,"href":"https:\/\/szkola.garbow.pl\/index.php\/wp-json\/wp\/v2\/posts\/20630\/revisions\/20635"}],"wp:featuredmedia":[{"embeddable":true,"href":"https:\/\/szkola.garbow.pl\/index.php\/wp-json\/wp\/v2\/media\/20633"}],"wp:attachment":[{"href":"https:\/\/szkola.garbow.pl\/index.php\/wp-json\/wp\/v2\/media?parent=20630"}],"wp:term":[{"taxonomy":"category","embeddable":true,"href":"https:\/\/szkola.garbow.pl\/index.php\/wp-json\/wp\/v2\/categories?post=20630"},{"taxonomy":"post_tag","embeddable":true,"href":"https:\/\/szkola.garbow.pl\/index.php\/wp-json\/wp\/v2\/tags?post=20630"}],"curies":[{"name":"wp","href":"https:\/\/api.w.org\/{rel}","templated":true}]}}