{"id":20611,"date":"2026-04-23T12:50:10","date_gmt":"2026-04-23T10:50:10","guid":{"rendered":"https:\/\/szkola.garbow.pl\/?p=20611"},"modified":"2026-04-23T12:50:12","modified_gmt":"2026-04-23T10:50:12","slug":"przedszkolny-konkurs-plastyczny-rodzinne-kwitnienie","status":"publish","type":"post","link":"https:\/\/szkola.garbow.pl\/index.php\/2026\/04\/23\/przedszkolny-konkurs-plastyczny-rodzinne-kwitnienie\/","title":{"rendered":"Przedszkolny konkurs plastyczny                      &#8222;Rodzinne kwitnienie&#8221;."},"content":{"rendered":"\n<p><\/p>\n\n\n\n<p>W oddziale przedszkolnym odby\u0142 si\u0119 konkurs dla rodzic\u00f3w i dzieci o tematyce wiosennych kwiat\u00f3w. W konkursie udzia\u0142 wzi\u0119\u0142o 17 dzieci. Wszystkie prace by\u0142y pi\u0119kne, a szczeg\u00f3lnie zosta\u0142y wyr\u00f3\u017cnione prace: Oliwki B\u0105cal, Zuzi Kosteckiej, Zosi Styrnik oraz \u0141ucji Deputat. Serdecznie dzi\u0119kujemy dzieciom i rodzicom za zaanga\u017cowanie. <\/p>\n\n\n\n<figure class=\"wp-block-gallery has-nested-images columns-default is-cropped wp-block-gallery-1 is-layout-flex wp-block-gallery-is-layout-flex\">\n<figure class=\"wp-block-image size-large\"><img fetchpriority=\"high\" decoding=\"async\" width=\"768\" height=\"1024\" data-id=\"20614\" src=\"https:\/\/szkola.garbow.pl\/wp-content\/uploads\/2026\/04\/Messenger_creation_2F8BFB81-98EC-4C0A-89F8-87A48A0E6F20-768x1024.jpeg\" alt=\"\" class=\"wp-image-20614\" srcset=\"https:\/\/szkola.garbow.pl\/wp-content\/uploads\/2026\/04\/Messenger_creation_2F8BFB81-98EC-4C0A-89F8-87A48A0E6F20-768x1024.jpeg 768w, https:\/\/szkola.garbow.pl\/wp-content\/uploads\/2026\/04\/Messenger_creation_2F8BFB81-98EC-4C0A-89F8-87A48A0E6F20-225x300.jpeg 225w, https:\/\/szkola.garbow.pl\/wp-content\/uploads\/2026\/04\/Messenger_creation_2F8BFB81-98EC-4C0A-89F8-87A48A0E6F20-1152x1536.jpeg 1152w, https:\/\/szkola.garbow.pl\/wp-content\/uploads\/2026\/04\/Messenger_creation_2F8BFB81-98EC-4C0A-89F8-87A48A0E6F20-263x350.jpeg 263w, https:\/\/szkola.garbow.pl\/wp-content\/uploads\/2026\/04\/Messenger_creation_2F8BFB81-98EC-4C0A-89F8-87A48A0E6F20-scaled.jpeg 375w\" sizes=\"(max-width: 768px) 100vw, 768px\" \/><\/figure>\n\n\n\n<figure class=\"wp-block-image size-large\"><img decoding=\"async\" width=\"851\" height=\"1024\" data-id=\"20616\" src=\"https:\/\/szkola.garbow.pl\/wp-content\/uploads\/2026\/04\/Messenger_creation_5D159D95-6D73-4A7E-A3D3-5FE1B279AD33-851x1024.jpeg\" alt=\"\" class=\"wp-image-20616\" srcset=\"https:\/\/szkola.garbow.pl\/wp-content\/uploads\/2026\/04\/Messenger_creation_5D159D95-6D73-4A7E-A3D3-5FE1B279AD33-851x1024.jpeg 851w, https:\/\/szkola.garbow.pl\/wp-content\/uploads\/2026\/04\/Messenger_creation_5D159D95-6D73-4A7E-A3D3-5FE1B279AD33-249x300.jpeg 249w, https:\/\/szkola.garbow.pl\/wp-content\/uploads\/2026\/04\/Messenger_creation_5D159D95-6D73-4A7E-A3D3-5FE1B279AD33-768x924.jpeg 768w, https:\/\/szkola.garbow.pl\/wp-content\/uploads\/2026\/04\/Messenger_creation_5D159D95-6D73-4A7E-A3D3-5FE1B279AD33-1277x1536.jpeg 1277w, https:\/\/szkola.garbow.pl\/wp-content\/uploads\/2026\/04\/Messenger_creation_5D159D95-6D73-4A7E-A3D3-5FE1B279AD33-291x350.jpeg 291w, https:\/\/szkola.garbow.pl\/wp-content\/uploads\/2026\/04\/Messenger_creation_5D159D95-6D73-4A7E-A3D3-5FE1B279AD33-scaled.jpeg 416w\" sizes=\"(max-width: 851px) 100vw, 851px\" \/><\/figure>\n\n\n<div class=\"wp-block-image\">\n<figure class=\"aligncenter size-large\"><img decoding=\"async\" width=\"1024\" height=\"758\" data-id=\"20617\" src=\"https:\/\/szkola.garbow.pl\/wp-content\/uploads\/2026\/04\/Messenger_creation_EBBAC2A5-3BC8-416D-BB3D-DBDF09FE7138-1024x758.jpeg\" alt=\"\" class=\"wp-image-20617\" srcset=\"https:\/\/szkola.garbow.pl\/wp-content\/uploads\/2026\/04\/Messenger_creation_EBBAC2A5-3BC8-416D-BB3D-DBDF09FE7138-1024x758.jpeg 1024w, https:\/\/szkola.garbow.pl\/wp-content\/uploads\/2026\/04\/Messenger_creation_EBBAC2A5-3BC8-416D-BB3D-DBDF09FE7138-300x222.jpeg 300w, https:\/\/szkola.garbow.pl\/wp-content\/uploads\/2026\/04\/Messenger_creation_EBBAC2A5-3BC8-416D-BB3D-DBDF09FE7138-768x568.jpeg 768w, https:\/\/szkola.garbow.pl\/wp-content\/uploads\/2026\/04\/Messenger_creation_EBBAC2A5-3BC8-416D-BB3D-DBDF09FE7138-1536x1136.jpeg 1536w, https:\/\/szkola.garbow.pl\/wp-content\/uploads\/2026\/04\/Messenger_creation_EBBAC2A5-3BC8-416D-BB3D-DBDF09FE7138-473x350.jpeg 473w, https:\/\/szkola.garbow.pl\/wp-content\/uploads\/2026\/04\/Messenger_creation_EBBAC2A5-3BC8-416D-BB3D-DBDF09FE7138-scaled.jpeg 500w\" sizes=\"(max-width: 1024px) 100vw, 1024px\" \/><\/figure><\/div>\n\n\n<figure class=\"wp-block-image size-large\"><img loading=\"lazy\" decoding=\"async\" width=\"744\" height=\"1024\" data-id=\"20618\" src=\"https:\/\/szkola.garbow.pl\/wp-content\/uploads\/2026\/04\/Messenger_creation_C09AEFA9-0527-4EA5-8A91-B45974663466-744x1024.jpeg\" alt=\"\" class=\"wp-image-20618\" srcset=\"https:\/\/szkola.garbow.pl\/wp-content\/uploads\/2026\/04\/Messenger_creation_C09AEFA9-0527-4EA5-8A91-B45974663466-744x1024.jpeg 744w, https:\/\/szkola.garbow.pl\/wp-content\/uploads\/2026\/04\/Messenger_creation_C09AEFA9-0527-4EA5-8A91-B45974663466-218x300.jpeg 218w, https:\/\/szkola.garbow.pl\/wp-content\/uploads\/2026\/04\/Messenger_creation_C09AEFA9-0527-4EA5-8A91-B45974663466-768x1057.jpeg 768w, https:\/\/szkola.garbow.pl\/wp-content\/uploads\/2026\/04\/Messenger_creation_C09AEFA9-0527-4EA5-8A91-B45974663466-1117x1536.jpeg 1117w, https:\/\/szkola.garbow.pl\/wp-content\/uploads\/2026\/04\/Messenger_creation_C09AEFA9-0527-4EA5-8A91-B45974663466-254x350.jpeg 254w, https:\/\/szkola.garbow.pl\/wp-content\/uploads\/2026\/04\/Messenger_creation_C09AEFA9-0527-4EA5-8A91-B45974663466-scaled.jpeg 363w\" sizes=\"(max-width: 744px) 100vw, 744px\" \/><\/figure>\n\n\n\n<figure class=\"wp-block-image size-large\"><img loading=\"lazy\" decoding=\"async\" width=\"500\" height=\"424\" data-id=\"20619\" src=\"https:\/\/szkola.garbow.pl\/wp-content\/uploads\/2026\/04\/Messenger_creation_0A791C37-5791-46ED-AE2E-630EB85F46AF-scaled.jpeg\" alt=\"\" class=\"wp-image-20619\" srcset=\"https:\/\/szkola.garbow.pl\/wp-content\/uploads\/2026\/04\/Messenger_creation_0A791C37-5791-46ED-AE2E-630EB85F46AF-scaled.jpeg 500w, https:\/\/szkola.garbow.pl\/wp-content\/uploads\/2026\/04\/Messenger_creation_0A791C37-5791-46ED-AE2E-630EB85F46AF-300x254.jpeg 300w\" sizes=\"(max-width: 500px) 100vw, 500px\" \/><\/figure>\n<\/figure>\n","protected":false},"excerpt":{"rendered":"<p>W oddziale przedszkolnym odby\u0142 si\u0119 konkurs dla rodzic\u00f3w i dzieci o tematyce wiosennych kwiat\u00f3w. W konkursie udzia\u0142 wzi\u0119\u0142o 17 dzieci. Wszystkie prace by\u0142y pi\u0119kne, a szczeg\u00f3lnie zosta\u0142y wyr\u00f3\u017cnione prace: Oliwki B\u0105cal, Zuzi Kosteckiej, Zosi Styrnik oraz \u0141ucji Deputat. Serdecznie dzi\u0119kujemy dzieciom i rodzicom za zaanga\u017cowanie.<\/p>\n","protected":false},"author":45,"featured_media":20619,"comment_status":"closed","ping_status":"closed","sticky":false,"template":"","format":"standard","meta":{"footnotes":""},"categories":[199,5],"tags":[],"class_list":["post-20611","post","type-post","status-publish","format-standard","has-post-thumbnail","hentry","category-199","category-aktualnosci"],"yoast_head":"<!-- This site is optimized with the Yoast SEO plugin v27.4 - https:\/\/yoast.com\/product\/yoast-seo-wordpress\/ -->\n<title>Przedszkolny konkurs plastyczny           &quot;Rodzinne kwitnienie&quot;. - Szko\u0142a Podstawowa im. Marii Konopnickiej w Garbowie<\/title>\n<meta name=\"robots\" content=\"index, follow, max-snippet:-1, max-image-preview:large, max-video-preview:-1\" \/>\n<link rel=\"canonical\" href=\"https:\/\/szkola.garbow.pl\/index.php\/2026\/04\/23\/przedszkolny-konkurs-plastyczny-rodzinne-kwitnienie\/\" \/>\n<meta property=\"og:locale\" content=\"pl_PL\" \/>\n<meta property=\"og:type\" content=\"article\" \/>\n<meta property=\"og:title\" content=\"Przedszkolny konkurs plastyczny           &quot;Rodzinne kwitnienie&quot;. - Szko\u0142a Podstawowa im. Marii Konopnickiej w Garbowie\" \/>\n<meta property=\"og:description\" content=\"W oddziale przedszkolnym odby\u0142 si\u0119 konkurs dla rodzic\u00f3w i dzieci o tematyce wiosennych kwiat\u00f3w. W konkursie udzia\u0142 wzi\u0119\u0142o 17 dzieci. Wszystkie prace by\u0142y pi\u0119kne, a szczeg\u00f3lnie zosta\u0142y wyr\u00f3\u017cnione prace: Oliwki B\u0105cal, Zuzi Kosteckiej, Zosi Styrnik oraz \u0141ucji Deputat. Serdecznie dzi\u0119kujemy dzieciom i rodzicom za zaanga\u017cowanie.\" \/>\n<meta property=\"og:url\" content=\"https:\/\/szkola.garbow.pl\/index.php\/2026\/04\/23\/przedszkolny-konkurs-plastyczny-rodzinne-kwitnienie\/\" \/>\n<meta property=\"og:site_name\" content=\"Szko\u0142a Podstawowa im. Marii Konopnickiej w Garbowie\" \/>\n<meta property=\"article:published_time\" content=\"2026-04-23T10:50:10+00:00\" \/>\n<meta property=\"article:modified_time\" content=\"2026-04-23T10:50:12+00:00\" \/>\n<meta property=\"og:image\" content=\"https:\/\/szkola.garbow.pl\/wp-content\/uploads\/2026\/04\/Messenger_creation_0A791C37-5791-46ED-AE2E-630EB85F46AF-scaled.jpeg\" \/>\n\t<meta property=\"og:image:width\" content=\"500\" \/>\n\t<meta property=\"og:image:height\" content=\"424\" \/>\n\t<meta property=\"og:image:type\" content=\"image\/jpeg\" \/>\n<meta name=\"author\" content=\"Monika W\u00f3jtowicz\" \/>\n<meta name=\"twitter:card\" content=\"summary_large_image\" \/>\n<meta name=\"twitter:label1\" content=\"Napisane przez\" \/>\n\t<meta name=\"twitter:data1\" content=\"Monika W\u00f3jtowicz\" \/>\n\t<meta name=\"twitter:label2\" content=\"Szacowany czas czytania\" \/>\n\t<meta name=\"twitter:data2\" content=\"2 minuty\" \/>\n<script type=\"application\/ld+json\" class=\"yoast-schema-graph\">{\"@context\":\"https:\\\/\\\/schema.org\",\"@graph\":[{\"@type\":\"Article\",\"@id\":\"https:\\\/\\\/szkola.garbow.pl\\\/index.php\\\/2026\\\/04\\\/23\\\/przedszkolny-konkurs-plastyczny-rodzinne-kwitnienie\\\/#article\",\"isPartOf\":{\"@id\":\"https:\\\/\\\/szkola.garbow.pl\\\/index.php\\\/2026\\\/04\\\/23\\\/przedszkolny-konkurs-plastyczny-rodzinne-kwitnienie\\\/\"},\"author\":{\"name\":\"Monika W\u00f3jtowicz\",\"@id\":\"https:\\\/\\\/szkola.garbow.pl\\\/#\\\/schema\\\/person\\\/0810e8ce28177ebaee2de1ac1352e790\"},\"headline\":\"Przedszkolny konkurs plastyczny &#8222;Rodzinne kwitnienie&#8221;.\",\"datePublished\":\"2026-04-23T10:50:10+00:00\",\"dateModified\":\"2026-04-23T10:50:12+00:00\",\"mainEntityOfPage\":{\"@id\":\"https:\\\/\\\/szkola.garbow.pl\\\/index.php\\\/2026\\\/04\\\/23\\\/przedszkolny-konkurs-plastyczny-rodzinne-kwitnienie\\\/\"},\"wordCount\":60,\"publisher\":{\"@id\":\"https:\\\/\\\/szkola.garbow.pl\\\/#organization\"},\"image\":{\"@id\":\"https:\\\/\\\/szkola.garbow.pl\\\/index.php\\\/2026\\\/04\\\/23\\\/przedszkolny-konkurs-plastyczny-rodzinne-kwitnienie\\\/#primaryimage\"},\"thumbnailUrl\":\"https:\\\/\\\/szkola.garbow.pl\\\/wp-content\\\/uploads\\\/2026\\\/04\\\/Messenger_creation_0A791C37-5791-46ED-AE2E-630EB85F46AF-scaled.jpeg\",\"articleSection\":[\"2026\",\"Aktualno\u015bci\"],\"inLanguage\":\"pl-PL\"},{\"@type\":\"WebPage\",\"@id\":\"https:\\\/\\\/szkola.garbow.pl\\\/index.php\\\/2026\\\/04\\\/23\\\/przedszkolny-konkurs-plastyczny-rodzinne-kwitnienie\\\/\",\"url\":\"https:\\\/\\\/szkola.garbow.pl\\\/index.php\\\/2026\\\/04\\\/23\\\/przedszkolny-konkurs-plastyczny-rodzinne-kwitnienie\\\/\",\"name\":\"Przedszkolny konkurs plastyczny \\\"Rodzinne kwitnienie\\\". - Szko\u0142a Podstawowa im. Marii Konopnickiej w Garbowie\",\"isPartOf\":{\"@id\":\"https:\\\/\\\/szkola.garbow.pl\\\/#website\"},\"primaryImageOfPage\":{\"@id\":\"https:\\\/\\\/szkola.garbow.pl\\\/index.php\\\/2026\\\/04\\\/23\\\/przedszkolny-konkurs-plastyczny-rodzinne-kwitnienie\\\/#primaryimage\"},\"image\":{\"@id\":\"https:\\\/\\\/szkola.garbow.pl\\\/index.php\\\/2026\\\/04\\\/23\\\/przedszkolny-konkurs-plastyczny-rodzinne-kwitnienie\\\/#primaryimage\"},\"thumbnailUrl\":\"https:\\\/\\\/szkola.garbow.pl\\\/wp-content\\\/uploads\\\/2026\\\/04\\\/Messenger_creation_0A791C37-5791-46ED-AE2E-630EB85F46AF-scaled.jpeg\",\"datePublished\":\"2026-04-23T10:50:10+00:00\",\"dateModified\":\"2026-04-23T10:50:12+00:00\",\"breadcrumb\":{\"@id\":\"https:\\\/\\\/szkola.garbow.pl\\\/index.php\\\/2026\\\/04\\\/23\\\/przedszkolny-konkurs-plastyczny-rodzinne-kwitnienie\\\/#breadcrumb\"},\"inLanguage\":\"pl-PL\",\"potentialAction\":[{\"@type\":\"ReadAction\",\"target\":[\"https:\\\/\\\/szkola.garbow.pl\\\/index.php\\\/2026\\\/04\\\/23\\\/przedszkolny-konkurs-plastyczny-rodzinne-kwitnienie\\\/\"]}]},{\"@type\":\"ImageObject\",\"inLanguage\":\"pl-PL\",\"@id\":\"https:\\\/\\\/szkola.garbow.pl\\\/index.php\\\/2026\\\/04\\\/23\\\/przedszkolny-konkurs-plastyczny-rodzinne-kwitnienie\\\/#primaryimage\",\"url\":\"https:\\\/\\\/szkola.garbow.pl\\\/wp-content\\\/uploads\\\/2026\\\/04\\\/Messenger_creation_0A791C37-5791-46ED-AE2E-630EB85F46AF-scaled.jpeg\",\"contentUrl\":\"https:\\\/\\\/szkola.garbow.pl\\\/wp-content\\\/uploads\\\/2026\\\/04\\\/Messenger_creation_0A791C37-5791-46ED-AE2E-630EB85F46AF-scaled.jpeg\",\"width\":500,\"height\":424},{\"@type\":\"BreadcrumbList\",\"@id\":\"https:\\\/\\\/szkola.garbow.pl\\\/index.php\\\/2026\\\/04\\\/23\\\/przedszkolny-konkurs-plastyczny-rodzinne-kwitnienie\\\/#breadcrumb\",\"itemListElement\":[{\"@type\":\"ListItem\",\"position\":1,\"name\":\"Strona g\u0142\u00f3wna\",\"item\":\"https:\\\/\\\/szkola.garbow.pl\\\/\"},{\"@type\":\"ListItem\",\"position\":2,\"name\":\"Przedszkolny konkurs plastyczny &#8222;Rodzinne kwitnienie&#8221;.\"}]},{\"@type\":\"WebSite\",\"@id\":\"https:\\\/\\\/szkola.garbow.pl\\\/#website\",\"url\":\"https:\\\/\\\/szkola.garbow.pl\\\/\",\"name\":\"Szko\u0142a Podstawowa im. Marii Konopnickiej w Garbowie\",\"description\":\"Szko\u0142a Podstawowa im. Marii Konopnickiej w Garbowie\",\"publisher\":{\"@id\":\"https:\\\/\\\/szkola.garbow.pl\\\/#organization\"},\"potentialAction\":[{\"@type\":\"SearchAction\",\"target\":{\"@type\":\"EntryPoint\",\"urlTemplate\":\"https:\\\/\\\/szkola.garbow.pl\\\/?s={search_term_string}\"},\"query-input\":{\"@type\":\"PropertyValueSpecification\",\"valueRequired\":true,\"valueName\":\"search_term_string\"}}],\"inLanguage\":\"pl-PL\"},{\"@type\":\"Organization\",\"@id\":\"https:\\\/\\\/szkola.garbow.pl\\\/#organization\",\"name\":\"Szko\u0142a Podstawowa im. Marii Konopnickiej w Garbowie\",\"url\":\"https:\\\/\\\/szkola.garbow.pl\\\/\",\"logo\":{\"@type\":\"ImageObject\",\"inLanguage\":\"pl-PL\",\"@id\":\"https:\\\/\\\/szkola.garbow.pl\\\/#\\\/schema\\\/logo\\\/image\\\/\",\"url\":\"https:\\\/\\\/szkola.garbow.pl\\\/wp-content\\\/uploads\\\/2020\\\/09\\\/szkola_podstawowa_garbow-1-1.png\",\"contentUrl\":\"https:\\\/\\\/szkola.garbow.pl\\\/wp-content\\\/uploads\\\/2020\\\/09\\\/szkola_podstawowa_garbow-1-1.png\",\"width\":500,\"height\":136,\"caption\":\"Szko\u0142a Podstawowa im. Marii Konopnickiej w Garbowie\"},\"image\":{\"@id\":\"https:\\\/\\\/szkola.garbow.pl\\\/#\\\/schema\\\/logo\\\/image\\\/\"}},{\"@type\":\"Person\",\"@id\":\"https:\\\/\\\/szkola.garbow.pl\\\/#\\\/schema\\\/person\\\/0810e8ce28177ebaee2de1ac1352e790\",\"name\":\"Monika W\u00f3jtowicz\",\"image\":{\"@type\":\"ImageObject\",\"inLanguage\":\"pl-PL\",\"@id\":\"https:\\\/\\\/secure.gravatar.com\\\/avatar\\\/3268842a37f215a33b7fd7ccca01dfa3ce84a651f10e98bafe38afceb43a7d8b?s=96&d=mm&r=g\",\"url\":\"https:\\\/\\\/secure.gravatar.com\\\/avatar\\\/3268842a37f215a33b7fd7ccca01dfa3ce84a651f10e98bafe38afceb43a7d8b?s=96&d=mm&r=g\",\"contentUrl\":\"https:\\\/\\\/secure.gravatar.com\\\/avatar\\\/3268842a37f215a33b7fd7ccca01dfa3ce84a651f10e98bafe38afceb43a7d8b?s=96&d=mm&r=g\",\"caption\":\"Monika W\u00f3jtowicz\"},\"url\":\"https:\\\/\\\/szkola.garbow.pl\\\/index.php\\\/author\\\/monika_wojtowicz\\\/\"}]}<\/script>\n<!-- \/ Yoast SEO plugin. -->","yoast_head_json":{"title":"Przedszkolny konkurs plastyczny           \"Rodzinne kwitnienie\". - Szko\u0142a Podstawowa im. Marii Konopnickiej w Garbowie","robots":{"index":"index","follow":"follow","max-snippet":"max-snippet:-1","max-image-preview":"max-image-preview:large","max-video-preview":"max-video-preview:-1"},"canonical":"https:\/\/szkola.garbow.pl\/index.php\/2026\/04\/23\/przedszkolny-konkurs-plastyczny-rodzinne-kwitnienie\/","og_locale":"pl_PL","og_type":"article","og_title":"Przedszkolny konkurs plastyczny           \"Rodzinne kwitnienie\". - Szko\u0142a Podstawowa im. Marii Konopnickiej w Garbowie","og_description":"W oddziale przedszkolnym odby\u0142 si\u0119 konkurs dla rodzic\u00f3w i dzieci o tematyce wiosennych kwiat\u00f3w. W konkursie udzia\u0142 wzi\u0119\u0142o 17 dzieci. Wszystkie prace by\u0142y pi\u0119kne, a szczeg\u00f3lnie zosta\u0142y wyr\u00f3\u017cnione prace: Oliwki B\u0105cal, Zuzi Kosteckiej, Zosi Styrnik oraz \u0141ucji Deputat. Serdecznie dzi\u0119kujemy dzieciom i rodzicom za zaanga\u017cowanie.","og_url":"https:\/\/szkola.garbow.pl\/index.php\/2026\/04\/23\/przedszkolny-konkurs-plastyczny-rodzinne-kwitnienie\/","og_site_name":"Szko\u0142a Podstawowa im. Marii Konopnickiej w Garbowie","article_published_time":"2026-04-23T10:50:10+00:00","article_modified_time":"2026-04-23T10:50:12+00:00","og_image":[{"width":500,"height":424,"url":"https:\/\/szkola.garbow.pl\/wp-content\/uploads\/2026\/04\/Messenger_creation_0A791C37-5791-46ED-AE2E-630EB85F46AF-scaled.jpeg","type":"image\/jpeg"}],"author":"Monika W\u00f3jtowicz","twitter_card":"summary_large_image","twitter_misc":{"Napisane przez":"Monika W\u00f3jtowicz","Szacowany czas czytania":"2 minuty"},"schema":{"@context":"https:\/\/schema.org","@graph":[{"@type":"Article","@id":"https:\/\/szkola.garbow.pl\/index.php\/2026\/04\/23\/przedszkolny-konkurs-plastyczny-rodzinne-kwitnienie\/#article","isPartOf":{"@id":"https:\/\/szkola.garbow.pl\/index.php\/2026\/04\/23\/przedszkolny-konkurs-plastyczny-rodzinne-kwitnienie\/"},"author":{"name":"Monika W\u00f3jtowicz","@id":"https:\/\/szkola.garbow.pl\/#\/schema\/person\/0810e8ce28177ebaee2de1ac1352e790"},"headline":"Przedszkolny konkurs plastyczny &#8222;Rodzinne kwitnienie&#8221;.","datePublished":"2026-04-23T10:50:10+00:00","dateModified":"2026-04-23T10:50:12+00:00","mainEntityOfPage":{"@id":"https:\/\/szkola.garbow.pl\/index.php\/2026\/04\/23\/przedszkolny-konkurs-plastyczny-rodzinne-kwitnienie\/"},"wordCount":60,"publisher":{"@id":"https:\/\/szkola.garbow.pl\/#organization"},"image":{"@id":"https:\/\/szkola.garbow.pl\/index.php\/2026\/04\/23\/przedszkolny-konkurs-plastyczny-rodzinne-kwitnienie\/#primaryimage"},"thumbnailUrl":"https:\/\/szkola.garbow.pl\/wp-content\/uploads\/2026\/04\/Messenger_creation_0A791C37-5791-46ED-AE2E-630EB85F46AF-scaled.jpeg","articleSection":["2026","Aktualno\u015bci"],"inLanguage":"pl-PL"},{"@type":"WebPage","@id":"https:\/\/szkola.garbow.pl\/index.php\/2026\/04\/23\/przedszkolny-konkurs-plastyczny-rodzinne-kwitnienie\/","url":"https:\/\/szkola.garbow.pl\/index.php\/2026\/04\/23\/przedszkolny-konkurs-plastyczny-rodzinne-kwitnienie\/","name":"Przedszkolny konkurs plastyczny \"Rodzinne kwitnienie\". - Szko\u0142a Podstawowa im. Marii Konopnickiej w Garbowie","isPartOf":{"@id":"https:\/\/szkola.garbow.pl\/#website"},"primaryImageOfPage":{"@id":"https:\/\/szkola.garbow.pl\/index.php\/2026\/04\/23\/przedszkolny-konkurs-plastyczny-rodzinne-kwitnienie\/#primaryimage"},"image":{"@id":"https:\/\/szkola.garbow.pl\/index.php\/2026\/04\/23\/przedszkolny-konkurs-plastyczny-rodzinne-kwitnienie\/#primaryimage"},"thumbnailUrl":"https:\/\/szkola.garbow.pl\/wp-content\/uploads\/2026\/04\/Messenger_creation_0A791C37-5791-46ED-AE2E-630EB85F46AF-scaled.jpeg","datePublished":"2026-04-23T10:50:10+00:00","dateModified":"2026-04-23T10:50:12+00:00","breadcrumb":{"@id":"https:\/\/szkola.garbow.pl\/index.php\/2026\/04\/23\/przedszkolny-konkurs-plastyczny-rodzinne-kwitnienie\/#breadcrumb"},"inLanguage":"pl-PL","potentialAction":[{"@type":"ReadAction","target":["https:\/\/szkola.garbow.pl\/index.php\/2026\/04\/23\/przedszkolny-konkurs-plastyczny-rodzinne-kwitnienie\/"]}]},{"@type":"ImageObject","inLanguage":"pl-PL","@id":"https:\/\/szkola.garbow.pl\/index.php\/2026\/04\/23\/przedszkolny-konkurs-plastyczny-rodzinne-kwitnienie\/#primaryimage","url":"https:\/\/szkola.garbow.pl\/wp-content\/uploads\/2026\/04\/Messenger_creation_0A791C37-5791-46ED-AE2E-630EB85F46AF-scaled.jpeg","contentUrl":"https:\/\/szkola.garbow.pl\/wp-content\/uploads\/2026\/04\/Messenger_creation_0A791C37-5791-46ED-AE2E-630EB85F46AF-scaled.jpeg","width":500,"height":424},{"@type":"BreadcrumbList","@id":"https:\/\/szkola.garbow.pl\/index.php\/2026\/04\/23\/przedszkolny-konkurs-plastyczny-rodzinne-kwitnienie\/#breadcrumb","itemListElement":[{"@type":"ListItem","position":1,"name":"Strona g\u0142\u00f3wna","item":"https:\/\/szkola.garbow.pl\/"},{"@type":"ListItem","position":2,"name":"Przedszkolny konkurs plastyczny &#8222;Rodzinne kwitnienie&#8221;."}]},{"@type":"WebSite","@id":"https:\/\/szkola.garbow.pl\/#website","url":"https:\/\/szkola.garbow.pl\/","name":"Szko\u0142a Podstawowa im. Marii Konopnickiej w Garbowie","description":"Szko\u0142a Podstawowa im. Marii Konopnickiej w Garbowie","publisher":{"@id":"https:\/\/szkola.garbow.pl\/#organization"},"potentialAction":[{"@type":"SearchAction","target":{"@type":"EntryPoint","urlTemplate":"https:\/\/szkola.garbow.pl\/?s={search_term_string}"},"query-input":{"@type":"PropertyValueSpecification","valueRequired":true,"valueName":"search_term_string"}}],"inLanguage":"pl-PL"},{"@type":"Organization","@id":"https:\/\/szkola.garbow.pl\/#organization","name":"Szko\u0142a Podstawowa im. Marii Konopnickiej w Garbowie","url":"https:\/\/szkola.garbow.pl\/","logo":{"@type":"ImageObject","inLanguage":"pl-PL","@id":"https:\/\/szkola.garbow.pl\/#\/schema\/logo\/image\/","url":"https:\/\/szkola.garbow.pl\/wp-content\/uploads\/2020\/09\/szkola_podstawowa_garbow-1-1.png","contentUrl":"https:\/\/szkola.garbow.pl\/wp-content\/uploads\/2020\/09\/szkola_podstawowa_garbow-1-1.png","width":500,"height":136,"caption":"Szko\u0142a Podstawowa im. Marii Konopnickiej w Garbowie"},"image":{"@id":"https:\/\/szkola.garbow.pl\/#\/schema\/logo\/image\/"}},{"@type":"Person","@id":"https:\/\/szkola.garbow.pl\/#\/schema\/person\/0810e8ce28177ebaee2de1ac1352e790","name":"Monika W\u00f3jtowicz","image":{"@type":"ImageObject","inLanguage":"pl-PL","@id":"https:\/\/secure.gravatar.com\/avatar\/3268842a37f215a33b7fd7ccca01dfa3ce84a651f10e98bafe38afceb43a7d8b?s=96&d=mm&r=g","url":"https:\/\/secure.gravatar.com\/avatar\/3268842a37f215a33b7fd7ccca01dfa3ce84a651f10e98bafe38afceb43a7d8b?s=96&d=mm&r=g","contentUrl":"https:\/\/secure.gravatar.com\/avatar\/3268842a37f215a33b7fd7ccca01dfa3ce84a651f10e98bafe38afceb43a7d8b?s=96&d=mm&r=g","caption":"Monika W\u00f3jtowicz"},"url":"https:\/\/szkola.garbow.pl\/index.php\/author\/monika_wojtowicz\/"}]}},"_links":{"self":[{"href":"https:\/\/szkola.garbow.pl\/index.php\/wp-json\/wp\/v2\/posts\/20611","targetHints":{"allow":["GET"]}}],"collection":[{"href":"https:\/\/szkola.garbow.pl\/index.php\/wp-json\/wp\/v2\/posts"}],"about":[{"href":"https:\/\/szkola.garbow.pl\/index.php\/wp-json\/wp\/v2\/types\/post"}],"author":[{"embeddable":true,"href":"https:\/\/szkola.garbow.pl\/index.php\/wp-json\/wp\/v2\/users\/45"}],"replies":[{"embeddable":true,"href":"https:\/\/szkola.garbow.pl\/index.php\/wp-json\/wp\/v2\/comments?post=20611"}],"version-history":[{"count":3,"href":"https:\/\/szkola.garbow.pl\/index.php\/wp-json\/wp\/v2\/posts\/20611\/revisions"}],"predecessor-version":[{"id":20622,"href":"https:\/\/szkola.garbow.pl\/index.php\/wp-json\/wp\/v2\/posts\/20611\/revisions\/20622"}],"wp:featuredmedia":[{"embeddable":true,"href":"https:\/\/szkola.garbow.pl\/index.php\/wp-json\/wp\/v2\/media\/20619"}],"wp:attachment":[{"href":"https:\/\/szkola.garbow.pl\/index.php\/wp-json\/wp\/v2\/media?parent=20611"}],"wp:term":[{"taxonomy":"category","embeddable":true,"href":"https:\/\/szkola.garbow.pl\/index.php\/wp-json\/wp\/v2\/categories?post=20611"},{"taxonomy":"post_tag","embeddable":true,"href":"https:\/\/szkola.garbow.pl\/index.php\/wp-json\/wp\/v2\/tags?post=20611"}],"curies":[{"name":"wp","href":"https:\/\/api.w.org\/{rel}","templated":true}]}}